{"id":1,"date":"2022-05-01T09:47:00","date_gmt":"2022-05-01T07:47:00","guid":{"rendered":"https:\/\/1zu160.grundgedanke.de\/?p=1"},"modified":"2024-02-29T11:42:21","modified_gmt":"2024-02-29T10:42:21","slug":"hallo-welt","status":"publish","type":"post","link":"https:\/\/1zu160.grundgedanke.de\/?p=1","title":{"rendered":"Spur N Modellbahn."},"content":{"rendered":"\n<p>Nach Jahren der Gedankenspiele und Spielereien auf dem Fu\u00dfboden geht es nun richtig los.<\/p>\n\n\n\n<p>Neben meinen \u201ealten\u201c Hobbys wie Gaming, CGI, Musik machen oder Lesen,  habe ich nun endlich die Zeit gefunden, das seit vielen Jahren im Hinterkopf geisternde Projekt des Wiedereinstiegs ins Modellbahnerleben umzusetzen. Ein Plan der seit meinen sp\u00e4ten Zwanzigern existiert.<\/p>\n\n\n\n<p>Als Kind habe ich zusammen mit meinem Vater, wie vermutlich viele Kinder in der Zeit, das Hobby Modellbahn betrieben. Damals in der Spur H0 im G\u00e4stezimmer unseres zu Hauses. Ich bin dann schon recht fr\u00fch ausgestiegen. Das war so um 81 herum, denn da bekam ich meinen ersten Computer in die H\u00e4nde, einen Sinclair ZX-81. Da war es um mich geschehen und der Virus Computer hatte von mir Besitz ergriffen. Mein Vater ist dann irgendwann auf Spur N umgestiegen und hat sich aus Platzgr\u00fcnden in den Keller verlagert.<\/p>\n\n\n\n<p>Der Virus Computer hat mich im Grunde bis heute nicht losgelassen und auch ein Gro\u00dfteil meiner Hobbys involviert in der Regel einen Rechner auf die ein oder andere Art. Dennoch hatte ich immer diesen Gedanke, dass wenn ich \u201e\u00e4lter\u201c bin und Platz habe, das Hobby Modellbahn erneut betreiben zu wollen. Planen, Magazine und B\u00fccher w\u00e4lzen oder hier und da schon ein wenig Rollmaterial sammeln, das tat ich bereits seit einigen Jahren. \u201e\u00c4lter\u201c bin ich jetzt auch, Platz, zumindest in Ma\u00dfen, ist auch da, also kann es jetzt richtig losgehen.<\/p>\n\n\n\n<p>Nach mehreren Anl\u00e4ufen den Keller ger\u00e4umt zu bekommen ist dies im Fr\u00fchjahr diesen Jahres dann auch gelungen. Boden verlegen, W\u00e4nde machen etc. haben wir hinter uns gebracht \u2013 hier bin ich sehr froh mit Basti einen Schreiner, Elektriker, Metaller oder besser Allrounder mit gro\u00dfer Werkstatt und ebensolchem Erfahrungsschatz als Nachbarn zu haben.<\/p>\n\n\n\n<p class=\"has-medium-font-size\">Aus nicht sehr angenehmen Gr\u00fcnden hat sich der Bestand an Material aller Art massiv vergr\u00f6\u00dfert. Mein Vater ist aus gesundheitlichen Gr\u00fcnden mittlerweile in einer Pflegeeinrichtung untergebracht. Daher hat sich meine Mutter wohntechnisch verkleinert, so dass nun alles Modellbahnmaterial bei mir ist. Meinem Vater war es immer wichtig, dass ich das \u201ein Ehren\u201c halt und nicht \u201eversemmel\u201c, wie er es nannte. Da braucht er sich keine Sorgen zu machen, das werden ich. Traurig nur, dass er von meinen Bestrebungen in dieser Art nichts mitbekommt. Er weilt noch unter uns, nur um das gesagt zu haben, aber leider versteht er sozusagen nur noch seine eigene kleinen Welt\u2026<\/p>\n\n\n\n<div style=\"height:50px\" aria-hidden=\"true\" class=\"wp-block-spacer\"><\/div>\n\n\n\n<h3 class=\"wp-block-heading\" style=\"font-style:normal;font-weight:500;text-transform:none\">Der Keller vorher.<\/h3>\n\n\n\n<p>Es hat \u00fcber etwas 4 Winter gebraucht, um ihn leer zu bekommen, ohne dass er sich \u00fcber den Sommer wieder auf magische Art und Weise f\u00fcllte.<\/p>\n\n\n\n<figure class=\"wp-block-gallery has-nested-images columns-default is-cropped wp-block-gallery-1 is-layout-flex wp-block-gallery-is-layout-flex\">\n<figure class=\"wp-block-image size-large\"><a href=\"https:\/\/1zu160.grundgedanke.de\/wp-content\/uploads\/2024\/02\/IMG_7288-scaled.jpg\" target=\"_blank\" rel=\"noopener\"><img loading=\"lazy\" decoding=\"async\" width=\"768\" height=\"1024\" data-id=\"35\" src=\"https:\/\/1zu160.grundgedanke.de\/wp-content\/uploads\/2024\/02\/IMG_7288-768x1024.jpg\" alt=\"\" class=\"wp-image-35\" srcset=\"https:\/\/1zu160.grundgedanke.de\/wp-content\/uploads\/2024\/02\/IMG_7288-768x1024.jpg 768w, https:\/\/1zu160.grundgedanke.de\/wp-content\/uploads\/2024\/02\/IMG_7288-225x300.jpg 225w, https:\/\/1zu160.grundgedanke.de\/wp-content\/uploads\/2024\/02\/IMG_7288-1152x1536.jpg 1152w, https:\/\/1zu160.grundgedanke.de\/wp-content\/uploads\/2024\/02\/IMG_7288-1536x2048.jpg 1536w, https:\/\/1zu160.grundgedanke.de\/wp-content\/uploads\/2024\/02\/IMG_7288-scaled.jpg 1920w\" sizes=\"auto, (max-width: 768px) 100vw, 768px\" \/><\/a><\/figure>\n\n\n\n<figure class=\"wp-block-image size-large\"><a href=\"https:\/\/1zu160.grundgedanke.de\/wp-content\/uploads\/2024\/02\/IMG_1873-scaled.jpg\" target=\"_blank\" rel=\"noopener\"><img loading=\"lazy\" decoding=\"async\" width=\"768\" height=\"1024\" data-id=\"42\" src=\"https:\/\/1zu160.grundgedanke.de\/wp-content\/uploads\/2024\/02\/IMG_1873-768x1024.jpg\" alt=\"\" class=\"wp-image-42\" srcset=\"https:\/\/1zu160.grundgedanke.de\/wp-content\/uploads\/2024\/02\/IMG_1873-768x1024.jpg 768w, https:\/\/1zu160.grundgedanke.de\/wp-content\/uploads\/2024\/02\/IMG_1873-225x300.jpg 225w, https:\/\/1zu160.grundgedanke.de\/wp-content\/uploads\/2024\/02\/IMG_1873-1152x1536.jpg 1152w, https:\/\/1zu160.grundgedanke.de\/wp-content\/uploads\/2024\/02\/IMG_1873-1536x2048.jpg 1536w, https:\/\/1zu160.grundgedanke.de\/wp-content\/uploads\/2024\/02\/IMG_1873-scaled.jpg 1920w\" sizes=\"auto, (max-width: 768px) 100vw, 768px\" \/><\/a><\/figure>\n\n\n\n<figure class=\"wp-block-image size-large\"><a href=\"https:\/\/1zu160.grundgedanke.de\/wp-content\/uploads\/2024\/02\/IMG_1872-scaled.jpg\" target=\"_blank\" rel=\"noopener\"><img loading=\"lazy\" decoding=\"async\" width=\"768\" height=\"1024\" data-id=\"9\" src=\"https:\/\/1zu160.grundgedanke.de\/wp-content\/uploads\/2024\/02\/IMG_1872-768x1024.jpg\" alt=\"\" class=\"wp-image-9\" srcset=\"https:\/\/1zu160.grundgedanke.de\/wp-content\/uploads\/2024\/02\/IMG_1872-768x1024.jpg 768w, https:\/\/1zu160.grundgedanke.de\/wp-content\/uploads\/2024\/02\/IMG_1872-225x300.jpg 225w, https:\/\/1zu160.grundgedanke.de\/wp-content\/uploads\/2024\/02\/IMG_1872-1152x1536.jpg 1152w, https:\/\/1zu160.grundgedanke.de\/wp-content\/uploads\/2024\/02\/IMG_1872-1536x2048.jpg 1536w, https:\/\/1zu160.grundgedanke.de\/wp-content\/uploads\/2024\/02\/IMG_1872-scaled.jpg 1920w\" sizes=\"auto, (max-width: 768px) 100vw, 768px\" \/><\/a><\/figure>\n\n\n\n<figure class=\"wp-block-image size-large\"><a href=\"https:\/\/1zu160.grundgedanke.de\/wp-content\/uploads\/2024\/02\/IMG_1871-scaled.jpg\" target=\"_blank\" rel=\"noopener\"><img loading=\"lazy\" decoding=\"async\" width=\"768\" height=\"1024\" data-id=\"10\" src=\"https:\/\/1zu160.grundgedanke.de\/wp-content\/uploads\/2024\/02\/IMG_1871-768x1024.jpg\" alt=\"\" class=\"wp-image-10\" srcset=\"https:\/\/1zu160.grundgedanke.de\/wp-content\/uploads\/2024\/02\/IMG_1871-768x1024.jpg 768w, https:\/\/1zu160.grundgedanke.de\/wp-content\/uploads\/2024\/02\/IMG_1871-225x300.jpg 225w, https:\/\/1zu160.grundgedanke.de\/wp-content\/uploads\/2024\/02\/IMG_1871-1152x1536.jpg 1152w, https:\/\/1zu160.grundgedanke.de\/wp-content\/uploads\/2024\/02\/IMG_1871-1536x2048.jpg 1536w, https:\/\/1zu160.grundgedanke.de\/wp-content\/uploads\/2024\/02\/IMG_1871-scaled.jpg 1920w\" sizes=\"auto, (max-width: 768px) 100vw, 768px\" \/><\/a><\/figure>\n<\/figure>\n\n\n\n<h3 class=\"wp-block-heading\" style=\"text-transform:none\">Der Keller. Nacher.<\/h3>\n\n\n\n<p>Ein Keller in diesem Zustand schreit jetzt also nach dem n\u00e4chsten Schritt. Und Dank Basti ist der Rahmenbau in vollem Gange. Um das ganze gleich richtig zu Starten habe ich mich f\u00fcr die Spantenbauweise entschieden. Bisher gibt es nur eine grobe Idee in Sachen Gleisplanung. Aber erstes Ziel war es mit dem Rahmen den Raum optimal auszunutzen, eine Arbeitsecke mit einzuplanen und leider auch etwas vom der urspr\u00fcnglichen Funktion eines Kellers als Lagerplatz \u00fcber zu behalten.<\/p>\n\n\n\n<figure class=\"wp-block-gallery has-nested-images columns-default is-cropped wp-block-gallery-2 is-layout-flex wp-block-gallery-is-layout-flex\">\n<figure class=\"wp-block-image size-large\"><a href=\"https:\/\/1zu160.grundgedanke.de\/wp-content\/uploads\/2024\/02\/IMG_1991-scaled.jpg\" target=\"_blank\" rel=\"noopener\"><img loading=\"lazy\" decoding=\"async\" width=\"768\" height=\"1024\" data-id=\"18\" src=\"https:\/\/1zu160.grundgedanke.de\/wp-content\/uploads\/2024\/02\/IMG_1991-768x1024.jpg\" alt=\"\" class=\"wp-image-18\" srcset=\"https:\/\/1zu160.grundgedanke.de\/wp-content\/uploads\/2024\/02\/IMG_1991-768x1024.jpg 768w, https:\/\/1zu160.grundgedanke.de\/wp-content\/uploads\/2024\/02\/IMG_1991-225x300.jpg 225w, https:\/\/1zu160.grundgedanke.de\/wp-content\/uploads\/2024\/02\/IMG_1991-1152x1536.jpg 1152w, https:\/\/1zu160.grundgedanke.de\/wp-content\/uploads\/2024\/02\/IMG_1991-1536x2048.jpg 1536w, https:\/\/1zu160.grundgedanke.de\/wp-content\/uploads\/2024\/02\/IMG_1991-scaled.jpg 1920w\" sizes=\"auto, (max-width: 768px) 100vw, 768px\" \/><\/a><\/figure>\n\n\n\n<figure class=\"wp-block-image size-large\"><a href=\"https:\/\/1zu160.grundgedanke.de\/wp-content\/uploads\/2024\/02\/IMG_1996-scaled.jpg\" target=\"_blank\" rel=\"noopener\"><img loading=\"lazy\" decoding=\"async\" width=\"768\" height=\"1024\" data-id=\"15\" src=\"https:\/\/1zu160.grundgedanke.de\/wp-content\/uploads\/2024\/02\/IMG_1996-768x1024.jpg\" alt=\"\" class=\"wp-image-15\" srcset=\"https:\/\/1zu160.grundgedanke.de\/wp-content\/uploads\/2024\/02\/IMG_1996-768x1024.jpg 768w, https:\/\/1zu160.grundgedanke.de\/wp-content\/uploads\/2024\/02\/IMG_1996-225x300.jpg 225w, https:\/\/1zu160.grundgedanke.de\/wp-content\/uploads\/2024\/02\/IMG_1996-1152x1536.jpg 1152w, https:\/\/1zu160.grundgedanke.de\/wp-content\/uploads\/2024\/02\/IMG_1996-1536x2048.jpg 1536w, https:\/\/1zu160.grundgedanke.de\/wp-content\/uploads\/2024\/02\/IMG_1996-scaled.jpg 1920w\" sizes=\"auto, (max-width: 768px) 100vw, 768px\" \/><\/a><\/figure>\n\n\n\n<figure class=\"wp-block-image size-large\"><a href=\"https:\/\/1zu160.grundgedanke.de\/wp-content\/uploads\/2024\/02\/IMG_2022-scaled.jpg\" target=\"_blank\" rel=\"noopener\"><img loading=\"lazy\" decoding=\"async\" width=\"768\" height=\"1024\" data-id=\"17\" src=\"https:\/\/1zu160.grundgedanke.de\/wp-content\/uploads\/2024\/02\/IMG_2022-768x1024.jpg\" alt=\"\" class=\"wp-image-17\" srcset=\"https:\/\/1zu160.grundgedanke.de\/wp-content\/uploads\/2024\/02\/IMG_2022-768x1024.jpg 768w, https:\/\/1zu160.grundgedanke.de\/wp-content\/uploads\/2024\/02\/IMG_2022-225x300.jpg 225w, https:\/\/1zu160.grundgedanke.de\/wp-content\/uploads\/2024\/02\/IMG_2022-1152x1536.jpg 1152w, https:\/\/1zu160.grundgedanke.de\/wp-content\/uploads\/2024\/02\/IMG_2022-1536x2048.jpg 1536w, https:\/\/1zu160.grundgedanke.de\/wp-content\/uploads\/2024\/02\/IMG_2022-scaled.jpg 1920w\" sizes=\"auto, (max-width: 768px) 100vw, 768px\" \/><\/a><\/figure>\n\n\n\n<figure class=\"wp-block-image size-large\"><a href=\"https:\/\/1zu160.grundgedanke.de\/wp-content\/uploads\/2024\/02\/IMG_2026-scaled.jpg\" target=\"_blank\" rel=\"noopener\"><img loading=\"lazy\" decoding=\"async\" width=\"768\" height=\"1024\" data-id=\"16\" src=\"https:\/\/1zu160.grundgedanke.de\/wp-content\/uploads\/2024\/02\/IMG_2026-768x1024.jpg\" alt=\"\" class=\"wp-image-16\" srcset=\"https:\/\/1zu160.grundgedanke.de\/wp-content\/uploads\/2024\/02\/IMG_2026-768x1024.jpg 768w, https:\/\/1zu160.grundgedanke.de\/wp-content\/uploads\/2024\/02\/IMG_2026-225x300.jpg 225w, https:\/\/1zu160.grundgedanke.de\/wp-content\/uploads\/2024\/02\/IMG_2026-1152x1536.jpg 1152w, https:\/\/1zu160.grundgedanke.de\/wp-content\/uploads\/2024\/02\/IMG_2026-1536x2048.jpg 1536w, https:\/\/1zu160.grundgedanke.de\/wp-content\/uploads\/2024\/02\/IMG_2026-scaled.jpg 1920w\" sizes=\"auto, (max-width: 768px) 100vw, 768px\" \/><\/a><\/figure>\n<\/figure>\n\n\n\n<h2 class=\"wp-block-heading\">Rahmenbau.<\/h2>\n\n\n\n<p>Vor der Tat stand die Planung und sah vor, das das Ergebnis in etwas wie foglt aussehen sollte.<\/p>\n\n\n\n<figure class=\"wp-block-gallery has-nested-images columns-default is-cropped wp-block-gallery-3 is-layout-flex wp-block-gallery-is-layout-flex\">\n<figure class=\"wp-block-image size-large\"><a href=\"https:\/\/1zu160.grundgedanke.de\/wp-content\/uploads\/2024\/02\/N_Oben_2.png\" target=\"_blank\" rel=\"noreferrer noopener\"><img loading=\"lazy\" decoding=\"async\" width=\"1024\" height=\"877\" data-id=\"21\" src=\"https:\/\/1zu160.grundgedanke.de\/wp-content\/uploads\/2024\/02\/N_Oben_2-1024x877.png\" alt=\"\" class=\"wp-image-21\" srcset=\"https:\/\/1zu160.grundgedanke.de\/wp-content\/uploads\/2024\/02\/N_Oben_2-1024x877.png 1024w, https:\/\/1zu160.grundgedanke.de\/wp-content\/uploads\/2024\/02\/N_Oben_2-300x257.png 300w, https:\/\/1zu160.grundgedanke.de\/wp-content\/uploads\/2024\/02\/N_Oben_2-768x658.png 768w, https:\/\/1zu160.grundgedanke.de\/wp-content\/uploads\/2024\/02\/N_Oben_2.png 1167w\" sizes=\"auto, (max-width: 1024px) 100vw, 1024px\" \/><\/a><\/figure>\n\n\n\n<figure class=\"wp-block-image size-large\"><a href=\"https:\/\/1zu160.grundgedanke.de\/wp-content\/uploads\/2022\/05\/N_Oben.png\" target=\"_blank\" rel=\"noreferrer noopener\"><img loading=\"lazy\" decoding=\"async\" width=\"708\" height=\"999\" data-id=\"89\" src=\"https:\/\/1zu160.grundgedanke.de\/wp-content\/uploads\/2022\/05\/N_Oben.png\" alt=\"\" class=\"wp-image-89\" srcset=\"https:\/\/1zu160.grundgedanke.de\/wp-content\/uploads\/2022\/05\/N_Oben.png 708w, https:\/\/1zu160.grundgedanke.de\/wp-content\/uploads\/2022\/05\/N_Oben-213x300.png 213w\" sizes=\"auto, (max-width: 708px) 100vw, 708px\" \/><\/a><\/figure>\n\n\n\n<figure class=\"wp-block-image size-large\"><a href=\"https:\/\/1zu160.grundgedanke.de\/wp-content\/uploads\/2022\/05\/N_Skizze_Oben.png\" target=\"_blank\" rel=\"noreferrer noopener\"><img loading=\"lazy\" decoding=\"async\" width=\"726\" height=\"987\" data-id=\"90\" src=\"https:\/\/1zu160.grundgedanke.de\/wp-content\/uploads\/2022\/05\/N_Skizze_Oben.png\" alt=\"\" class=\"wp-image-90\" srcset=\"https:\/\/1zu160.grundgedanke.de\/wp-content\/uploads\/2022\/05\/N_Skizze_Oben.png 726w, https:\/\/1zu160.grundgedanke.de\/wp-content\/uploads\/2022\/05\/N_Skizze_Oben-221x300.png 221w\" sizes=\"auto, (max-width: 726px) 100vw, 726px\" \/><\/a><\/figure>\n<\/figure>\n","protected":false},"excerpt":{"rendered":"<p>Nach Jahren der Gedankenspiele und Spielereien auf dem Fu\u00dfboden geht es nun richtig los. Neben meinen \u201ealten\u201c Hobbys wie Gaming, CGI, Musik machen oder Lesen, habe ich nun endlich die Zeit gefunden, das seit vielen Jahren im Hinterkopf geisternde Projekt des Wiedereinstiegs ins Modellbahnerleben umzusetzen. Ein Plan der seit meinen sp\u00e4ten Zwanzigern existiert. Als Kind [&hellip;]<\/p>\n","protected":false},"author":1,"featured_media":53,"comment_status":"open","ping_status":"open","sticky":false,"template":"","format":"standard","meta":{"footnotes":""},"categories":[1],"tags":[],"class_list":["post-1","post","type-post","status-publish","format-standard","has-post-thumbnail","hentry","category-allgemein"],"_links":{"self":[{"href":"https:\/\/1zu160.grundgedanke.de\/index.php?rest_route=\/wp\/v2\/posts\/1","targetHints":{"allow":["GET"]}}],"collection":[{"href":"https:\/\/1zu160.grundgedanke.de\/index.php?rest_route=\/wp\/v2\/posts"}],"about":[{"href":"https:\/\/1zu160.grundgedanke.de\/index.php?rest_route=\/wp\/v2\/types\/post"}],"author":[{"embeddable":true,"href":"https:\/\/1zu160.grundgedanke.de\/index.php?rest_route=\/wp\/v2\/users\/1"}],"replies":[{"embeddable":true,"href":"https:\/\/1zu160.grundgedanke.de\/index.php?rest_route=%2Fwp%2Fv2%2Fcomments&post=1"}],"version-history":[{"count":18,"href":"https:\/\/1zu160.grundgedanke.de\/index.php?rest_route=\/wp\/v2\/posts\/1\/revisions"}],"predecessor-version":[{"id":92,"href":"https:\/\/1zu160.grundgedanke.de\/index.php?rest_route=\/wp\/v2\/posts\/1\/revisions\/92"}],"wp:featuredmedia":[{"embeddable":true,"href":"https:\/\/1zu160.grundgedanke.de\/index.php?rest_route=\/wp\/v2\/media\/53"}],"wp:attachment":[{"href":"https:\/\/1zu160.grundgedanke.de\/index.php?rest_route=%2Fwp%2Fv2%2Fmedia&parent=1"}],"wp:term":[{"taxonomy":"category","embeddable":true,"href":"https:\/\/1zu160.grundgedanke.de\/index.php?rest_route=%2Fwp%2Fv2%2Fcategories&post=1"},{"taxonomy":"post_tag","embeddable":true,"href":"https:\/\/1zu160.grundgedanke.de\/index.php?rest_route=%2Fwp%2Fv2%2Ftags&post=1"}],"curies":[{"name":"wp","href":"https:\/\/api.w.org\/{rel}","templated":true}]}}